{"id":22,"date":"2017-03-02T08:51:27","date_gmt":"2017-03-02T08:51:27","guid":{"rendered":"http:\/\/www.tboj.se\/?p=22"},"modified":"2017-03-02T08:53:14","modified_gmt":"2017-03-02T08:53:14","slug":"jag-maste-borja-fa-en-balans-i-mitt-liv","status":"publish","type":"post","link":"http:\/\/www.tboj.se\/?p=22","title":{"rendered":"Jag m\u00e5ste b\u00f6rja f\u00e5 balans i mitt liv"},"content":{"rendered":"<p>Att vara positiv \u00e4r f\u00f6r mig n\u00e5got som sker naturligt. S\u00e5vida jag inte har n\u00e5gra direkta anledningar till att inte vara det s\u00e5 kommer jag f\u00f6rs\u00f6ka ta mig an dagen med ett stort leende, och detta g\u00f6r all skillnad i v\u00e4rlden k\u00e4ra l\u00e4sare. F\u00f6rs\u00f6k att t\u00e4nka positivt \u00e4ven om ni inte k\u00e4nner er glada inombords, bara ge det ett f\u00f6rs\u00f6k s\u00e5 kommer ni att se att med tiden kommer ni ocks\u00e5 att utveckla en vana d\u00e4r ni till st\u00f6rre delen av \u00e5ret befinner er i en positiv sf\u00e4r. Dock finns det saker som jag personligen m\u00e5ste ta itu med och det \u00e4r balans i jobbet.<\/p>\n<p>Jag arbetar otroligt h\u00e5rt och ibland kan timmarna dra iv\u00e4g utan att jag sj\u00e4lv \u00e4r riktigt medveten om detta. En genomsnittsdag brukar ligga p\u00e5 12 timmar men ibland kan det faktiskt t.o.m bli mer \u00e4n s\u00e5, 14-15 timmars pass \u00e4r ingen ovanlighet. Jag tror p\u00e5 h\u00e5rt arbete men jag tror ocks\u00e5 att det \u00e4r viktigt att hitta en balans i sitt liv mellan arbete, socialt umg\u00e4nge och tr\u00e4ning. Jag har inte n\u00e5gra egentliga tips eller r\u00e5d att dela med mig denna g\u00e5ngen d\u00e5 jag sj\u00e4lv dras med detta problem och f\u00f6rs\u00f6ker ivrigt hitta en balans utan framg\u00e5ng. Ibland g\u00e5r man runt och funderar p\u00e5 ifall det kanske \u00e4r s\u00e5 att balansen kanske ligger i att inte ha en balans \u00f6verhuvudtaget?<\/p>\n","protected":false},"excerpt":{"rendered":"<p>Att vara positiv \u00e4r f\u00f6r mig n\u00e5got som sker naturligt. S\u00e5vida jag inte har n\u00e5gra direkta anledningar till att inte vara det s\u00e5 kommer jag f\u00f6rs\u00f6ka ta mig an dagen med ett stort leende, och detta g\u00f6r all skillnad i v\u00e4rlden k\u00e4ra l\u00e4sare. F\u00f6rs\u00f6k att t\u00e4nka positivt \u00e4ven om ni inte k\u00e4nner er glada inombords, [&hellip;]<\/p>\n","protected":false},"author":1,"featured_media":23,"comment_status":"closed","ping_status":"closed","sticky":false,"template":"","format":"standard","meta":[],"categories":[1],"tags":[],"_links":{"self":[{"href":"http:\/\/www.tboj.se\/index.php?rest_route=\/wp\/v2\/posts\/22"}],"collection":[{"href":"http:\/\/www.tboj.se\/index.php?rest_route=\/wp\/v2\/posts"}],"about":[{"href":"http:\/\/www.tboj.se\/index.php?rest_route=\/wp\/v2\/types\/post"}],"author":[{"embeddable":true,"href":"http:\/\/www.tboj.se\/index.php?rest_route=\/wp\/v2\/users\/1"}],"replies":[{"embeddable":true,"href":"http:\/\/www.tboj.se\/index.php?rest_route=%2Fwp%2Fv2%2Fcomments&post=22"}],"version-history":[{"count":3,"href":"http:\/\/www.tboj.se\/index.php?rest_route=\/wp\/v2\/posts\/22\/revisions"}],"predecessor-version":[{"id":26,"href":"http:\/\/www.tboj.se\/index.php?rest_route=\/wp\/v2\/posts\/22\/revisions\/26"}],"wp:featuredmedia":[{"embeddable":true,"href":"http:\/\/www.tboj.se\/index.php?rest_route=\/wp\/v2\/media\/23"}],"wp:attachment":[{"href":"http:\/\/www.tboj.se\/index.php?rest_route=%2Fwp%2Fv2%2Fmedia&parent=22"}],"wp:term":[{"taxonomy":"category","embeddable":true,"href":"http:\/\/www.tboj.se\/index.php?rest_route=%2Fwp%2Fv2%2Fcategories&post=22"},{"taxonomy":"post_tag","embeddable":true,"href":"http:\/\/www.tboj.se\/index.php?rest_route=%2Fwp%2Fv2%2Ftags&post=22"}],"curies":[{"name":"wp","href":"https:\/\/api.w.org\/{rel}","templated":true}]}}